{"id":182,"date":"2023-02-07T15:47:40","date_gmt":"2023-02-07T15:47:40","guid":{"rendered":"https:\/\/decel.univ-tours.fr\/decel\/?p=182"},"modified":"2024-02-20T08:28:31","modified_gmt":"2024-02-20T08:28:31","slug":"decel-week-in-tours-july-3-7-2023-registration-open","status":"publish","type":"post","link":"https:\/\/decel.univ-tours.fr\/decel\/index.php\/2023\/02\/07\/decel-week-in-tours-july-3-7-2023-registration-open\/","title":{"rendered":"[call] DECEL training (C2) in Tours:"},"content":{"rendered":"\n<h4><strong>July 3rd-7th, 2023<\/strong><\/h4>\n\n\n\n<figure class=\"wp-block-image size-large\"><img loading=\"lazy\" width=\"1024\" height=\"686\" src=\"https:\/\/decel.univ-tours.fr\/decel\/wp-content\/uploads\/2023\/03\/AdobeStock_429797238-1600x1072-1-1024x686.jpeg\" alt=\"\" class=\"wp-image-201\" srcset=\"https:\/\/decel.univ-tours.fr\/decel\/wp-content\/uploads\/2023\/03\/AdobeStock_429797238-1600x1072-1-1024x686.jpeg 1024w, https:\/\/decel.univ-tours.fr\/decel\/wp-content\/uploads\/2023\/03\/AdobeStock_429797238-1600x1072-1-300x201.jpeg 300w, https:\/\/decel.univ-tours.fr\/decel\/wp-content\/uploads\/2023\/03\/AdobeStock_429797238-1600x1072-1-768x515.jpeg 768w, https:\/\/decel.univ-tours.fr\/decel\/wp-content\/uploads\/2023\/03\/AdobeStock_429797238-1600x1072-1-1536x1029.jpeg 1536w, https:\/\/decel.univ-tours.fr\/decel\/wp-content\/uploads\/2023\/03\/AdobeStock_429797238-1600x1072-1.jpeg 1600w\" sizes=\"(max-width: 1024px) 100vw, 1024px\" \/><figcaption>Tours, France<\/figcaption><\/figure>\n\n\n\n<p><strong>Registration is now open:<\/strong> <a rel=\"noreferrer noopener\" href=\"https:\/\/forms.gle\/pGEaKbByDq9hZLgm8\" target=\"_blank\">here<\/a><\/p>\n\n\n\n<p class=\"has-text-align-left\">In the framework of the DECEL project, co-funded by European Union, we organized in Tours the DECEL week. During five days (July 3rd-7th, 2023), international teams of students will address a common project based on Digital Electronics Systems. Several workshops and webinars will be also proposed during this special week. Additional information will be published soon, but registration is already open for students and teachers comming from the universities included in the project consortium (Universidad de Alcal\u00e1 (UAH), Universidade do Porto, Universit\u00e0 degli studi di Ferrara and Universit\u00e9 de Tours) .<\/p>\n\n\n\n<p><strong>General program:<\/strong><\/p>\n\n\n\n<figure class=\"wp-block-image size-large is-resized\"><a href=\"https:\/\/decel.univ-tours.fr\/decel\/wp-content\/uploads\/2023\/05\/DECEL_week_program_3-7_July_2023.pdf\" target=\"_blank\" rel=\"noreferrer noopener\"><img loading=\"lazy\" src=\"https:\/\/decel.univ-tours.fr\/decel\/wp-content\/uploads\/2023\/05\/DECEL_planning-1024x512.png\" alt=\"\" class=\"wp-image-219\" width=\"736\" height=\"368\" srcset=\"https:\/\/decel.univ-tours.fr\/decel\/wp-content\/uploads\/2023\/05\/DECEL_planning-1024x512.png 1024w, https:\/\/decel.univ-tours.fr\/decel\/wp-content\/uploads\/2023\/05\/DECEL_planning-300x150.png 300w, https:\/\/decel.univ-tours.fr\/decel\/wp-content\/uploads\/2023\/05\/DECEL_planning-768x384.png 768w, https:\/\/decel.univ-tours.fr\/decel\/wp-content\/uploads\/2023\/05\/DECEL_planning.png 1521w\" sizes=\"(max-width: 736px) 100vw, 736px\" \/><\/a><\/figure>\n\n\n\n<p><strong>Collaborative project:<\/strong><\/p>\n\n\n\n<ul><li>Goal: to see in the dark waters !<\/li><li>Team work: acquisition of ultrasonic signals into water and image reconstruction using the <a href=\"https:\/\/redpitaya.com\/stemlab-125-14\/\">redpitaya<\/a> platform at different levels of abstraction (from Verilog to python!).<\/li><li>Team of students from the 4 universities of the ERASMUS+ DECEL project (Univs. Porto, Alcala, Ferrara, and Tours)<\/li><\/ul>\n\n\n\n<p><strong>Confirmed speakers:<\/strong><\/p>\n\n\n\n<ul><li>Emmanuel Grandin, <a href=\"https:\/\/www.st.com\/content\/st_com\/en.html\">STMicroelectronics<\/a>, General Purpose Microcontroller Sub-Group, Senior Software Architect <\/li><\/ul>\n\n\n\n<figure class=\"wp-block-image size-full is-resized\"><a href=\"https:\/\/www.st.com\/content\/st_com\/en.html\"><img loading=\"lazy\" src=\"https:\/\/decel.univ-tours.fr\/decel\/wp-content\/uploads\/2023\/02\/image-2.png\" alt=\"\" class=\"wp-image-195\" width=\"88\" height=\"69\" srcset=\"https:\/\/decel.univ-tours.fr\/decel\/wp-content\/uploads\/2023\/02\/image-2.png 340w, https:\/\/decel.univ-tours.fr\/decel\/wp-content\/uploads\/2023\/02\/image-2-300x236.png 300w\" sizes=\"(max-width: 88px) 100vw, 88px\" \/><\/a><\/figure>\n\n\n\n<ul><li>Prof. Caroline Richard, Univ. Tours, <a rel=\"noreferrer noopener\" href=\"https:\/\/smart2m.eu\/\" target=\"_blank\">Smart2M<\/a> seminar<\/li><\/ul>\n\n\n\n<figure class=\"wp-block-image size-large is-resized\"><a href=\"https:\/\/smart2m.eu\/\" target=\"_blank\" rel=\"noreferrer noopener\"><img loading=\"lazy\" src=\"https:\/\/decel.univ-tours.fr\/decel\/wp-content\/uploads\/2023\/04\/smart2m_logo-1024x96.jpg\" alt=\"\" class=\"wp-image-214\" width=\"555\" height=\"51\" srcset=\"https:\/\/decel.univ-tours.fr\/decel\/wp-content\/uploads\/2023\/04\/smart2m_logo-1024x96.jpg 1024w, https:\/\/decel.univ-tours.fr\/decel\/wp-content\/uploads\/2023\/04\/smart2m_logo-300x28.jpg 300w, https:\/\/decel.univ-tours.fr\/decel\/wp-content\/uploads\/2023\/04\/smart2m_logo-768x72.jpg 768w, https:\/\/decel.univ-tours.fr\/decel\/wp-content\/uploads\/2023\/04\/smart2m_logo-1536x144.jpg 1536w, https:\/\/decel.univ-tours.fr\/decel\/wp-content\/uploads\/2023\/04\/smart2m_logo-2048x192.jpg 2048w\" sizes=\"(max-width: 555px) 100vw, 555px\" \/><\/a><\/figure>\n\n\n\n<ul><li>Corentin Cornu, <a href=\"https:\/\/www.biomaps.universite-paris-saclay.fr\/\" target=\"_blank\" rel=\"noreferrer noopener\">Laboratoire BioMaps<\/a>, <a href=\"https:\/\/www.universite-paris-saclay.fr\/\" target=\"_blank\" rel=\"noreferrer noopener\">Univ. Paris Saclay<\/a><\/li><\/ul>\n\n\n\n<figure class=\"wp-block-image size-full is-resized\"><img loading=\"lazy\" src=\"https:\/\/decel.univ-tours.fr\/decel\/wp-content\/uploads\/2023\/05\/BIOMAPS_Univ_Paris_Saclay.png\" alt=\"\" class=\"wp-image-217\" width=\"276\" height=\"67\" srcset=\"https:\/\/decel.univ-tours.fr\/decel\/wp-content\/uploads\/2023\/05\/BIOMAPS_Univ_Paris_Saclay.png 601w, https:\/\/decel.univ-tours.fr\/decel\/wp-content\/uploads\/2023\/05\/BIOMAPS_Univ_Paris_Saclay-300x73.png 300w\" sizes=\"(max-width: 276px) 100vw, 276px\" \/><\/figure>\n\n\n\n<ul><li>Maxime Benchemoul, R&amp;D, <a href=\"https:\/\/www.vermon.com\/index.php\">Vermon<\/a><\/li><li>Tony Mateo, R&amp;D,  <a href=\"https:\/\/www.vermon.com\/index.php\">Vermon<\/a><\/li><\/ul>\n\n\n\n<figure class=\"wp-block-image size-full is-resized\"><img loading=\"lazy\" src=\"https:\/\/decel.univ-tours.fr\/decel\/wp-content\/uploads\/2023\/05\/vermon_logo_.png\" alt=\"\" class=\"wp-image-218\" width=\"118\" height=\"38\"\/><\/figure>\n\n\n\n<p><\/p>\n\n\n\n<p><\/p>\n\n\n\n<p><strong>Location:<\/strong><\/p>\n\n\n\n<figure class=\"wp-block-image size-full\"><a href=\"https:\/\/goo.gl\/maps\/e9pR26nLyjptHPo48\" target=\"_blank\" rel=\"noreferrer noopener\"><img loading=\"lazy\" width=\"659\" height=\"361\" src=\"https:\/\/decel.univ-tours.fr\/decel\/wp-content\/uploads\/2023\/02\/image.png\" alt=\"\" class=\"wp-image-183\" srcset=\"https:\/\/decel.univ-tours.fr\/decel\/wp-content\/uploads\/2023\/02\/image.png 659w, https:\/\/decel.univ-tours.fr\/decel\/wp-content\/uploads\/2023\/02\/image-300x164.png 300w\" sizes=\"(max-width: 659px) 100vw, 659px\" \/><\/a><figcaption>Polytech Tours &#8211; D\u00e9partements Electronique et M\u00e9canique, 7 Av. Marcel Dassault, 37200 Tours, France -&gt; <a rel=\"noreferrer noopener\" href=\"https:\/\/goo.gl\/maps\/Tbgxad6cnfMduLWz8\" data-type=\"URL\" data-id=\"https:\/\/goo.gl\/maps\/Tbgxad6cnfMduLWz8\" target=\"_blank\">maps<\/a><\/figcaption><\/figure>\n\n\n\n<p><\/p>\n\n\n\n<p><strong>Registration is now open (for 20 students):<\/strong> <a href=\"https:\/\/forms.gle\/pGEaKbByDq9hZLgm8\" target=\"_blank\" rel=\"noreferrer noopener\">here<\/a><\/p>\n\n\n\n<p><\/p>\n","protected":false},"excerpt":{"rendered":"<p>July 3rd-7th, 2023 Registration is now open: here In the framework of the DECEL project, co-funded by European Union, we organized in Tours the DECEL week. During five days (July 3rd-7th, 2023), international teams of students will address a common project based on Digital Electronics Systems. Several workshops and webinars will be also proposed during [&hellip;]<\/p>\n","protected":false},"author":1,"featured_media":236,"comment_status":"closed","ping_status":"open","sticky":false,"template":"","format":"standard","meta":[],"categories":[6],"tags":[],"_links":{"self":[{"href":"https:\/\/decel.univ-tours.fr\/decel\/index.php\/wp-json\/wp\/v2\/posts\/182"}],"collection":[{"href":"https:\/\/decel.univ-tours.fr\/decel\/index.php\/wp-json\/wp\/v2\/posts"}],"about":[{"href":"https:\/\/decel.univ-tours.fr\/decel\/index.php\/wp-json\/wp\/v2\/types\/post"}],"author":[{"embeddable":true,"href":"https:\/\/decel.univ-tours.fr\/decel\/index.php\/wp-json\/wp\/v2\/users\/1"}],"replies":[{"embeddable":true,"href":"https:\/\/decel.univ-tours.fr\/decel\/index.php\/wp-json\/wp\/v2\/comments?post=182"}],"version-history":[{"count":26,"href":"https:\/\/decel.univ-tours.fr\/decel\/index.php\/wp-json\/wp\/v2\/posts\/182\/revisions"}],"predecessor-version":[{"id":341,"href":"https:\/\/decel.univ-tours.fr\/decel\/index.php\/wp-json\/wp\/v2\/posts\/182\/revisions\/341"}],"wp:featuredmedia":[{"embeddable":true,"href":"https:\/\/decel.univ-tours.fr\/decel\/index.php\/wp-json\/wp\/v2\/media\/236"}],"wp:attachment":[{"href":"https:\/\/decel.univ-tours.fr\/decel\/index.php\/wp-json\/wp\/v2\/media?parent=182"}],"wp:term":[{"taxonomy":"category","embeddable":true,"href":"https:\/\/decel.univ-tours.fr\/decel\/index.php\/wp-json\/wp\/v2\/categories?post=182"},{"taxonomy":"post_tag","embeddable":true,"href":"https:\/\/decel.univ-tours.fr\/decel\/index.php\/wp-json\/wp\/v2\/tags?post=182"}],"curies":[{"name":"wp","href":"https:\/\/api.w.org\/{rel}","templated":true}]}}